{"id":5647,"date":"2023-09-18T16:10:04","date_gmt":"2023-09-18T15:10:04","guid":{"rendered":"https:\/\/aeviseunorte.pt\/ini\/?p=5647"},"modified":"2023-09-18T16:15:54","modified_gmt":"2023-09-18T15:15:54","slug":"contratacao-de-escola-2023-24-grupo-de-recrutamento-240-educacao-visual-e-tecnologica","status":"publish","type":"post","link":"https:\/\/aeviseunorte.pt\/ini\/contratacao-de-escola-2023-24-grupo-de-recrutamento-240-educacao-visual-e-tecnologica\/","title":{"rendered":"Lista de Ordena\u00e7\u00e3o &#8211; Contrata\u00e7\u00e3o de Escola 2023-24 &#8211; Grupo de Recrutamento 240 (Educa\u00e7\u00e3o Visual e Tecnol\u00f3gica)"},"content":{"rendered":"<ul>\n<li><strong><a href=\"https:\/\/aeviseunorte.pt\/ini\/wp-content\/uploads\/2023\/09\/Contratacao-de-Escola-240-2023_24_1.pdf\" target=\"_blank\" rel=\"noopener\">Grupo de Recrutamento 240 (Educa\u00e7\u00e3o Visual e Tecnol\u00f3gica)<\/a><\/strong><\/li>\n<li><a href=\"https:\/\/aeviseunorte.pt\/ini\/wp-content\/uploads\/2023\/09\/LISTA-FINAL-ORDENADA-GR-240_15092023.pdf\"><strong>Lista de Ordena\u00e7\u00e3o<\/strong><\/a><\/li>\n<\/ul>\n","protected":false},"excerpt":{"rendered":"<p>Grupo de Recrutamento 240 (Educa\u00e7\u00e3o Visual e Tecnol\u00f3gica) Lista de Ordena\u00e7\u00e3o<\/p>\n","protected":false},"author":5,"featured_media":0,"comment_status":"closed","ping_status":"closed","sticky":false,"template":"","format":"standard","meta":{"footnotes":""},"categories":[10],"tags":[],"_links":{"self":[{"href":"https:\/\/aeviseunorte.pt\/ini\/wp-json\/wp\/v2\/posts\/5647"}],"collection":[{"href":"https:\/\/aeviseunorte.pt\/ini\/wp-json\/wp\/v2\/posts"}],"about":[{"href":"https:\/\/aeviseunorte.pt\/ini\/wp-json\/wp\/v2\/types\/post"}],"author":[{"embeddable":true,"href":"https:\/\/aeviseunorte.pt\/ini\/wp-json\/wp\/v2\/users\/5"}],"replies":[{"embeddable":true,"href":"https:\/\/aeviseunorte.pt\/ini\/wp-json\/wp\/v2\/comments?post=5647"}],"version-history":[{"count":3,"href":"https:\/\/aeviseunorte.pt\/ini\/wp-json\/wp\/v2\/posts\/5647\/revisions"}],"predecessor-version":[{"id":5696,"href":"https:\/\/aeviseunorte.pt\/ini\/wp-json\/wp\/v2\/posts\/5647\/revisions\/5696"}],"wp:attachment":[{"href":"https:\/\/aeviseunorte.pt\/ini\/wp-json\/wp\/v2\/media?parent=5647"}],"wp:term":[{"taxonomy":"category","embeddable":true,"href":"https:\/\/aeviseunorte.pt\/ini\/wp-json\/wp\/v2\/categories?post=5647"},{"taxonomy":"post_tag","embeddable":true,"href":"https:\/\/aeviseunorte.pt\/ini\/wp-json\/wp\/v2\/tags?post=5647"}],"curies":[{"name":"wp","href":"https:\/\/api.w.org\/{rel}","templated":true}]}}