{"id":5597,"date":"2023-08-29T19:17:07","date_gmt":"2023-08-29T18:17:07","guid":{"rendered":"https:\/\/aeviseunorte.pt\/ini\/?p=5597"},"modified":"2023-08-29T19:17:11","modified_gmt":"2023-08-29T18:17:11","slug":"processo-concursal-para-diretor-do-centro-de-formacao-da-associacao-de-escolas-de-viseu-visprof-2","status":"publish","type":"post","link":"https:\/\/aeviseunorte.pt\/ini\/processo-concursal-para-diretor-do-centro-de-formacao-da-associacao-de-escolas-de-viseu-visprof-2\/","title":{"rendered":"Processo concursal para Diretor do Centro de Forma\u00e7\u00e3o da Associa\u00e7\u00e3o de Escolas de Viseu \u2013 VisProf"},"content":{"rendered":"<ul>\n<li><a href=\"https:\/\/aeviseunorte.pt\/ini\/wp-content\/uploads\/2023\/08\/Entrevistas.pdf\" target=\"_blank\" rel=\"noopener\"><span style=\"text-decoration: underline;\"><strong>Entrevistas<\/strong><\/span><\/a><\/li>\n<\/ul>\n","protected":false},"excerpt":{"rendered":"<p>Entrevistas<\/p>\n","protected":false},"author":3,"featured_media":0,"comment_status":"closed","ping_status":"closed","sticky":false,"template":"","format":"standard","meta":{"footnotes":""},"categories":[10],"tags":[],"_links":{"self":[{"href":"https:\/\/aeviseunorte.pt\/ini\/wp-json\/wp\/v2\/posts\/5597"}],"collection":[{"href":"https:\/\/aeviseunorte.pt\/ini\/wp-json\/wp\/v2\/posts"}],"about":[{"href":"https:\/\/aeviseunorte.pt\/ini\/wp-json\/wp\/v2\/types\/post"}],"author":[{"embeddable":true,"href":"https:\/\/aeviseunorte.pt\/ini\/wp-json\/wp\/v2\/users\/3"}],"replies":[{"embeddable":true,"href":"https:\/\/aeviseunorte.pt\/ini\/wp-json\/wp\/v2\/comments?post=5597"}],"version-history":[{"count":1,"href":"https:\/\/aeviseunorte.pt\/ini\/wp-json\/wp\/v2\/posts\/5597\/revisions"}],"predecessor-version":[{"id":5599,"href":"https:\/\/aeviseunorte.pt\/ini\/wp-json\/wp\/v2\/posts\/5597\/revisions\/5599"}],"wp:attachment":[{"href":"https:\/\/aeviseunorte.pt\/ini\/wp-json\/wp\/v2\/media?parent=5597"}],"wp:term":[{"taxonomy":"category","embeddable":true,"href":"https:\/\/aeviseunorte.pt\/ini\/wp-json\/wp\/v2\/categories?post=5597"},{"taxonomy":"post_tag","embeddable":true,"href":"https:\/\/aeviseunorte.pt\/ini\/wp-json\/wp\/v2\/tags?post=5597"}],"curies":[{"name":"wp","href":"https:\/\/api.w.org\/{rel}","templated":true}]}}