{"id":5490,"date":"2023-06-19T22:33:10","date_gmt":"2023-06-19T21:33:10","guid":{"rendered":"https:\/\/aeviseunorte.pt\/ini\/?p=5490"},"modified":"2023-06-19T22:34:52","modified_gmt":"2023-06-19T21:34:52","slug":"informacao-sobre-renovacao-de-matriculas","status":"publish","type":"post","link":"https:\/\/aeviseunorte.pt\/ini\/informacao-sobre-renovacao-de-matriculas\/","title":{"rendered":"Informa\u00e7\u00e3o sobre Renova\u00e7\u00e3o de Matr\u00edculas"},"content":{"rendered":"<ul>\n<li>\n<p style=\"text-align: left;\"><a href=\"https:\/\/aeviseunorte.pt\/ini\/wp-content\/uploads\/2023\/06\/Informacao-Renovacao-Matriculas-EE_restantes-anos.pdf\" target=\"_blank\" rel=\"noopener\"><span style=\"text-decoration: underline;\"><strong>RENOVA\u00c7\u00c3O<\/strong><\/span><\/a><span style=\"text-decoration: underline;\"><strong><a href=\"https:\/\/aeviseunorte.pt\/ini\/wp-content\/uploads\/2023\/06\/Informacao-Renovacao-Matriculas-EE_restantes-anos.pdf\" target=\"_blank\" rel=\"noopener\"> DE MATR\u00cdCULAS &#8211; alunos que em 2022\/23 frequentaram o 1\u00ba, 2\u00ba, 3\u00ba, 4\u00ba, 5\u00ba, 6\u00ba, 7\u00ba ou 8\u00ba ano<\/a><\/strong><\/span><\/p>\n<\/li>\n<li>\n<p style=\"text-align: justify;\"><strong><span style=\"text-decoration: underline;\"><a href=\"https:\/\/aeviseunorte.pt\/ini\/wp-content\/uploads\/2023\/06\/Informacao-Renovacao-Matriculas-EE_9ano.pdf\" target=\"_blank\" rel=\"noopener\">RENOVA\u00c7\u00c3O DE MATR\u00cdCULAS &#8211; alunos do 9\u00ba ano<\/a><\/span><br \/>\n<\/strong><\/p>\n<\/li>\n<\/ul>\n","protected":false},"excerpt":{"rendered":"<p>RENOVA\u00c7\u00c3O DE MATR\u00cdCULAS &#8211; alunos que em 2022\/23 frequentaram o 1\u00ba, 2\u00ba, 3\u00ba, 4\u00ba, 5\u00ba, 6\u00ba, 7\u00ba ou 8\u00ba ano RENOVA\u00c7\u00c3O DE MATR\u00cdCULAS &#8211; alunos do 9\u00ba ano<\/p>\n","protected":false},"author":3,"featured_media":0,"comment_status":"closed","ping_status":"closed","sticky":false,"template":"","format":"standard","meta":{"footnotes":""},"categories":[10],"tags":[],"_links":{"self":[{"href":"https:\/\/aeviseunorte.pt\/ini\/wp-json\/wp\/v2\/posts\/5490"}],"collection":[{"href":"https:\/\/aeviseunorte.pt\/ini\/wp-json\/wp\/v2\/posts"}],"about":[{"href":"https:\/\/aeviseunorte.pt\/ini\/wp-json\/wp\/v2\/types\/post"}],"author":[{"embeddable":true,"href":"https:\/\/aeviseunorte.pt\/ini\/wp-json\/wp\/v2\/users\/3"}],"replies":[{"embeddable":true,"href":"https:\/\/aeviseunorte.pt\/ini\/wp-json\/wp\/v2\/comments?post=5490"}],"version-history":[{"count":4,"href":"https:\/\/aeviseunorte.pt\/ini\/wp-json\/wp\/v2\/posts\/5490\/revisions"}],"predecessor-version":[{"id":5494,"href":"https:\/\/aeviseunorte.pt\/ini\/wp-json\/wp\/v2\/posts\/5490\/revisions\/5494"}],"wp:attachment":[{"href":"https:\/\/aeviseunorte.pt\/ini\/wp-json\/wp\/v2\/media?parent=5490"}],"wp:term":[{"taxonomy":"category","embeddable":true,"href":"https:\/\/aeviseunorte.pt\/ini\/wp-json\/wp\/v2\/categories?post=5490"},{"taxonomy":"post_tag","embeddable":true,"href":"https:\/\/aeviseunorte.pt\/ini\/wp-json\/wp\/v2\/tags?post=5490"}],"curies":[{"name":"wp","href":"https:\/\/api.w.org\/{rel}","templated":true}]}}