{"id":4542,"date":"2021-10-19T00:25:05","date_gmt":"2021-10-18T23:25:05","guid":{"rendered":"https:\/\/aeviseunorte.pt\/ini\/?p=4542"},"modified":"2021-10-19T00:25:05","modified_gmt":"2021-10-18T23:25:05","slug":"renovacao-do-selo-escola-saudavel-2021-2023","status":"publish","type":"post","link":"https:\/\/aeviseunorte.pt\/ini\/renovacao-do-selo-escola-saudavel-2021-2023\/","title":{"rendered":"Renova\u00e7\u00e3o do \u201cSelo Escola Saud\u00e1vel 2021-2023\u201d"},"content":{"rendered":"<p style=\"text-align: center;\"><strong>RENOVA\u00c7\u00c3O DO \u201cSELO ESCOLA SAUD\u00c1VEL 2021-2023\u201d<\/strong><\/p>\n<p style=\"text-align: justify;\">O Selo Escola Saud\u00e1vel \u00e9 uma iniciativa da Dire\u00e7\u00e3o Geral de Educa\u00e7\u00e3o em linha com o preconizado pela Organiza\u00e7\u00e3o Mundial de Sa\u00fade (OMS, 1998) que define Educa\u00e7\u00e3o para a Sa\u00fade como \u201cuma combina\u00e7\u00e3o de experi\u00eancias de aprendizagem que tenham por objetivo ajudar os indiv\u00edduos e as comunidades a melhorar a sua sa\u00fade, atrav\u00e9s do aumento dos conhecimentos ou influenciando as suas atitudes\u201d e visa distinguir as Escolas Promotoras da Sa\u00fade (EPS) que valorizem, no seu dia a dia, a promo\u00e7\u00e3o da sa\u00fade e o bem-estar da comunidade educativa.<\/p>\n<p style=\"text-align: justify;\">Ao longo dos \u00faltimos anos letivos, o nosso Agrupamento tem privilegiado e implementado boas pr\u00e1ticas no sentido de promover e fortalecer, em contextos n\u00e3o formais, a capacidade de criar um ambiente saud\u00e1vel para o desenvolvimento de compet\u00eancias ao n\u00edvel do bem-estar, sa\u00fade, inclus\u00e3o, das rela\u00e7\u00f5es interpessoais, do desenvolvimento pessoal e autonomia e para o aumento da literacia em sa\u00fade envolvendo toda a comunidade educativa, conforme o plasmado nos documentos respetivos orientadores.<\/p>\n<p style=\"text-align: justify;\">Neste contexto, o nosso Agrupamento est\u00e1 de parab\u00e9ns pois esta distin\u00e7\u00e3o foi-nos mais uma vez atribu\u00edda. Este Selo reconhece as boas-pr\u00e1ticas implementadas e que o Agrupamento de Escolas Viseu Norte potencia o \u201ccompleto bem-estar f\u00edsico, ps\u00edquico e social\u201d (OMS) de crian\u00e7as, jovens e adultos.<\/p>\n<p>\u00a0\u00a0\u00a0\u00a0\u00a0\u00a0\u00a0\u00a0\u00a0\u00a0\u00a0\u00a0\u00a0\u00a0\u00a0 A todos o nosso obrigado.<\/p>\n","protected":false},"excerpt":{"rendered":"<p>RENOVA\u00c7\u00c3O DO \u201cSELO ESCOLA SAUD\u00c1VEL 2021-2023\u201d O Selo Escola Saud\u00e1vel \u00e9 uma iniciativa da Dire\u00e7\u00e3o Geral de Educa\u00e7\u00e3o em linha com o preconizado pela Organiza\u00e7\u00e3o Mundial de Sa\u00fade (OMS, 1998)&#8230; <\/p>\n","protected":false},"author":3,"featured_media":0,"comment_status":"closed","ping_status":"closed","sticky":false,"template":"","format":"standard","meta":{"footnotes":""},"categories":[10],"tags":[],"_links":{"self":[{"href":"https:\/\/aeviseunorte.pt\/ini\/wp-json\/wp\/v2\/posts\/4542"}],"collection":[{"href":"https:\/\/aeviseunorte.pt\/ini\/wp-json\/wp\/v2\/posts"}],"about":[{"href":"https:\/\/aeviseunorte.pt\/ini\/wp-json\/wp\/v2\/types\/post"}],"author":[{"embeddable":true,"href":"https:\/\/aeviseunorte.pt\/ini\/wp-json\/wp\/v2\/users\/3"}],"replies":[{"embeddable":true,"href":"https:\/\/aeviseunorte.pt\/ini\/wp-json\/wp\/v2\/comments?post=4542"}],"version-history":[{"count":1,"href":"https:\/\/aeviseunorte.pt\/ini\/wp-json\/wp\/v2\/posts\/4542\/revisions"}],"predecessor-version":[{"id":4543,"href":"https:\/\/aeviseunorte.pt\/ini\/wp-json\/wp\/v2\/posts\/4542\/revisions\/4543"}],"wp:attachment":[{"href":"https:\/\/aeviseunorte.pt\/ini\/wp-json\/wp\/v2\/media?parent=4542"}],"wp:term":[{"taxonomy":"category","embeddable":true,"href":"https:\/\/aeviseunorte.pt\/ini\/wp-json\/wp\/v2\/categories?post=4542"},{"taxonomy":"post_tag","embeddable":true,"href":"https:\/\/aeviseunorte.pt\/ini\/wp-json\/wp\/v2\/tags?post=4542"}],"curies":[{"name":"wp","href":"https:\/\/api.w.org\/{rel}","templated":true}]}}