{"id":2330,"date":"2018-06-07T13:21:59","date_gmt":"2018-06-07T12:21:59","guid":{"rendered":"http:\/\/aeviseunorte.pt\/ini\/?p=2330"},"modified":"2018-06-08T21:38:00","modified_gmt":"2018-06-08T20:38:00","slug":"regulamento-geral-sobre-protecao-de-dados","status":"publish","type":"post","link":"https:\/\/aeviseunorte.pt\/ini\/regulamento-geral-sobre-protecao-de-dados\/","title":{"rendered":"Regulamento Geral de Prote\u00e7\u00e3o de Dados"},"content":{"rendered":"<ul>\n<li><a href=\"https:\/\/aeviseunorte.pt\/ini\/wp-content\/uploads\/2018\/06\/RGPD_p\u00e1gina-web.pdf\" target=\"_blank\" rel=\"noopener\">Regulamento Geral de Prote\u00e7\u00e3o de Dados.<\/a><\/li>\n<li><a href=\"https:\/\/aeviseunorte.pt\/ini\/wp-content\/uploads\/2018\/06\/DADOS.pdf\" target=\"_blank\" rel=\"noopener\">Encarregado de Prote\u00e7\u00e3o de Dados.<\/a><\/li>\n<\/ul>\n<p>&nbsp;<\/p>\n","protected":false},"excerpt":{"rendered":"<p>Regulamento Geral de Prote\u00e7\u00e3o de Dados. Encarregado de Prote\u00e7\u00e3o de Dados. &nbsp;<\/p>\n","protected":false},"author":2,"featured_media":0,"comment_status":"closed","ping_status":"closed","sticky":false,"template":"","format":"standard","meta":{"footnotes":""},"categories":[10],"tags":[],"_links":{"self":[{"href":"https:\/\/aeviseunorte.pt\/ini\/wp-json\/wp\/v2\/posts\/2330"}],"collection":[{"href":"https:\/\/aeviseunorte.pt\/ini\/wp-json\/wp\/v2\/posts"}],"about":[{"href":"https:\/\/aeviseunorte.pt\/ini\/wp-json\/wp\/v2\/types\/post"}],"author":[{"embeddable":true,"href":"https:\/\/aeviseunorte.pt\/ini\/wp-json\/wp\/v2\/users\/2"}],"replies":[{"embeddable":true,"href":"https:\/\/aeviseunorte.pt\/ini\/wp-json\/wp\/v2\/comments?post=2330"}],"version-history":[{"count":4,"href":"https:\/\/aeviseunorte.pt\/ini\/wp-json\/wp\/v2\/posts\/2330\/revisions"}],"predecessor-version":[{"id":2358,"href":"https:\/\/aeviseunorte.pt\/ini\/wp-json\/wp\/v2\/posts\/2330\/revisions\/2358"}],"wp:attachment":[{"href":"https:\/\/aeviseunorte.pt\/ini\/wp-json\/wp\/v2\/media?parent=2330"}],"wp:term":[{"taxonomy":"category","embeddable":true,"href":"https:\/\/aeviseunorte.pt\/ini\/wp-json\/wp\/v2\/categories?post=2330"},{"taxonomy":"post_tag","embeddable":true,"href":"https:\/\/aeviseunorte.pt\/ini\/wp-json\/wp\/v2\/tags?post=2330"}],"curies":[{"name":"wp","href":"https:\/\/api.w.org\/{rel}","templated":true}]}}